{"id":4032,"date":"2026-04-20T17:34:13","date_gmt":"2026-04-20T15:34:13","guid":{"rendered":"http:\/\/www.usg-hoechst.at\/?p=4032"},"modified":"2026-04-20T17:34:13","modified_gmt":"2026-04-20T15:34:13","slug":"vize-jugendbundesligameister-aus-vorarlberg","status":"publish","type":"post","link":"https:\/\/www.usg-hoechst.at\/?p=4032","title":{"rendered":"Vize-Jugendbundesligameister aus Vorarlberg"},"content":{"rendered":"\n<p>Am vergangenen Wochenende, dem <strong>18. und 19. April<\/strong>, fand in Altach das <strong>Halbfinale und Finale der Jugendbundesliga<\/strong> statt.<\/p>\n\n\n\n<p>\u00dcber die gesamte Saison hinweg zeigten unsere Sch\u00fctzinnen und Sch\u00fctzen der USG-H\u00f6chst konstant hervorragende Leistungen und konnten sich im Team Vorarlberg in den Bewerben Luftgewehr Jugend 2 sowie Luftpistole Jungsch\u00fctzen f\u00fcr das gro\u00dfe Finale qualifizieren.<\/p>\n\n\n\n<p>Im Finale k\u00e4mpften unsere Nachwuchstalente mit gro\u00dfem Einsatz und Teamgeist um die Goldmedaille. Trotz intensiver Duelle und starker Konkurrenz mussten sich beide Teams knapp geschlagen geben.<\/p>\n\n\n\n<p>Am Ende stand jedoch ein gro\u00dfartiger Erfolg f\u00fcr die Vorarlberger Teams :<br>&#x1f948; <strong>2. Platz \u2013 Luftgewehr Jugend 2<\/strong><br>&#x1f948; <strong>2. Platz \u2013 Luftpistole Jungsch\u00fctzen<\/strong><\/p>\n\n\n\n<p>Damit d\u00fcrfen sich unsere Sch\u00fctzinnen und Sch\u00fctzen \u00fcber den Titel des<br><strong>Vize-Jugendbundesligameisters 2026<\/strong> freuen!<\/p>\n\n\n\n<p>Wir gratulieren allen Beteiligten herzlich zu diesem tollen Erfolg! &#x1f3af;&#x1f44f;<\/p>\n\n\n\n<figure class=\"wp-block-image size-large\"><a href=\"http:\/\/www.usg-hoechst.at\/wp-content\/uploads\/IMG_2831.jpeg\"><img decoding=\"async\" loading=\"lazy\" width=\"763\" height=\"1024\" src=\"http:\/\/www.usg-hoechst.at\/wp-content\/uploads\/IMG_2831-763x1024.jpeg\" alt=\"\" class=\"wp-image-4033\" srcset=\"https:\/\/www.usg-hoechst.at\/wp-content\/uploads\/IMG_2831-763x1024.jpeg 763w, https:\/\/www.usg-hoechst.at\/wp-content\/uploads\/IMG_2831-224x300.jpeg 224w, https:\/\/www.usg-hoechst.at\/wp-content\/uploads\/IMG_2831-768x1031.jpeg 768w, https:\/\/www.usg-hoechst.at\/wp-content\/uploads\/IMG_2831.jpeg 1099w\" sizes=\"(max-width: 763px) 100vw, 763px\" \/><\/a><figcaption class=\"wp-element-caption\">Sarah, Noah &amp; Joyce<\/figcaption><\/figure>\n\n\n\n<figure class=\"wp-block-image size-full\"><a href=\"http:\/\/www.usg-hoechst.at\/wp-content\/uploads\/IMG_2830.jpeg\"><img decoding=\"async\" loading=\"lazy\" width=\"978\" height=\"627\" src=\"http:\/\/www.usg-hoechst.at\/wp-content\/uploads\/IMG_2830.jpeg\" alt=\"\" class=\"wp-image-4034\" srcset=\"https:\/\/www.usg-hoechst.at\/wp-content\/uploads\/IMG_2830.jpeg 978w, https:\/\/www.usg-hoechst.at\/wp-content\/uploads\/IMG_2830-300x192.jpeg 300w, https:\/\/www.usg-hoechst.at\/wp-content\/uploads\/IMG_2830-768x492.jpeg 768w\" sizes=\"(max-width: 978px) 100vw, 978px\" \/><\/a><figcaption class=\"wp-element-caption\">Sch\u00fctzen, Trainer &amp; Fanclub der USG-H\u00f6chst<\/figcaption><\/figure>\n","protected":false},"excerpt":{"rendered":"<p>Am vergangenen Wochenende, dem 18. und 19. April, fand in Altach das Halbfinale und Finale der Jugendbundesliga statt. \u00dcber die[&#8230;]<\/p>\n","protected":false},"author":4,"featured_media":0,"comment_status":"closed","ping_status":"closed","sticky":false,"template":"","format":"standard","meta":{"ngg_post_thumbnail":0},"categories":[4],"tags":[],"_links":{"self":[{"href":"https:\/\/www.usg-hoechst.at\/index.php?rest_route=\/wp\/v2\/posts\/4032"}],"collection":[{"href":"https:\/\/www.usg-hoechst.at\/index.php?rest_route=\/wp\/v2\/posts"}],"about":[{"href":"https:\/\/www.usg-hoechst.at\/index.php?rest_route=\/wp\/v2\/types\/post"}],"author":[{"embeddable":true,"href":"https:\/\/www.usg-hoechst.at\/index.php?rest_route=\/wp\/v2\/users\/4"}],"replies":[{"embeddable":true,"href":"https:\/\/www.usg-hoechst.at\/index.php?rest_route=%2Fwp%2Fv2%2Fcomments&post=4032"}],"version-history":[{"count":1,"href":"https:\/\/www.usg-hoechst.at\/index.php?rest_route=\/wp\/v2\/posts\/4032\/revisions"}],"predecessor-version":[{"id":4035,"href":"https:\/\/www.usg-hoechst.at\/index.php?rest_route=\/wp\/v2\/posts\/4032\/revisions\/4035"}],"wp:attachment":[{"href":"https:\/\/www.usg-hoechst.at\/index.php?rest_route=%2Fwp%2Fv2%2Fmedia&parent=4032"}],"wp:term":[{"taxonomy":"category","embeddable":true,"href":"https:\/\/www.usg-hoechst.at\/index.php?rest_route=%2Fwp%2Fv2%2Fcategories&post=4032"},{"taxonomy":"post_tag","embeddable":true,"href":"https:\/\/www.usg-hoechst.at\/index.php?rest_route=%2Fwp%2Fv2%2Ftags&post=4032"}],"curies":[{"name":"wp","href":"https:\/\/api.w.org\/{rel}","templated":true}]}}