{"id":3736,"date":"2025-01-05T21:49:17","date_gmt":"2025-01-05T20:49:17","guid":{"rendered":"http:\/\/www.usg-hoechst.at\/?p=3736"},"modified":"2025-01-06T14:26:00","modified_gmt":"2025-01-06T13:26:00","slug":"jugend-bundesliga","status":"publish","type":"post","link":"http:\/\/www.usg-hoechst.at\/?p=3736","title":{"rendered":"Jugendbundesliga am 5.1.25 in Thalgau\/Sbg."},"content":{"rendered":"\n<p>Vergangenes Wochenende konnten sich unsere Sch\u00fctzen bei dem<br>Viertelfinale der Jugendbundesliga in Thalgau wieder in Szene setzen und<br>ihre Wettkampfst\u00e4rke beweisen. So erreichten Joyce Schneider und Sarah<br>Kraller im Team Vorarlberg 1 (Jugend 2), ein Ticket f\u00fcr das Halbfinale<br>sowie Finale am 15. M\u00e4rz in Hohenau. Leider konnte sich das Team<br>Vorarlberg 2 (Jugend 2) mit Mia Forster und Laurin Pazal trotz<br>hervorragenden Ergebnissen nicht f\u00fcr das Halbfinale qualifizieren. Auch<br>Lena Ganthaler und Nico Gr\u00fcnwald mussten sich im Team Vorarlberg 1<br>(Jungsch\u00fctzen) geschlagen geben und verpassten somit nur knapp den<br>Einzug in das Halbfinale. Ebenfalls mit dabei war auch Raphael N\u00e4gele,<br>der unser Team als Ersatzsch\u00fctze tatkr\u00e4ftig unterst\u00fctzte.<\/p>\n\n\n\n<p>Wir gratulieren zu den hervorragenden Leistungen.<\/p>\n\n\n\n<p><\/p>\n\n\n\n<figure class=\"wp-block-image size-large\"><a href=\"http:\/\/www.usg-hoechst.at\/wp-content\/uploads\/BL-Jungschuetzen.jpg\"><img decoding=\"async\" loading=\"lazy\" width=\"1024\" height=\"768\" src=\"http:\/\/www.usg-hoechst.at\/wp-content\/uploads\/BL-Jungschuetzen-1024x768.jpg\" alt=\"\" class=\"wp-image-3733\" srcset=\"http:\/\/www.usg-hoechst.at\/wp-content\/uploads\/BL-Jungschuetzen-1024x768.jpg 1024w, http:\/\/www.usg-hoechst.at\/wp-content\/uploads\/BL-Jungschuetzen-300x225.jpg 300w, http:\/\/www.usg-hoechst.at\/wp-content\/uploads\/BL-Jungschuetzen-768x576.jpg 768w, http:\/\/www.usg-hoechst.at\/wp-content\/uploads\/BL-Jungschuetzen-1536x1152.jpg 1536w, http:\/\/www.usg-hoechst.at\/wp-content\/uploads\/BL-Jungschuetzen.jpg 2016w\" sizes=\"(max-width: 1024px) 100vw, 1024px\" \/><\/a><figcaption class=\"wp-element-caption\"> Team Jungsch\u00fctzen mit Raphael, Lena und Nico<\/figcaption><\/figure>\n\n\n\n<p><\/p>\n\n\n\n<figure class=\"wp-block-image size-large is-resized\"><a href=\"http:\/\/www.usg-hoechst.at\/wp-content\/uploads\/BL-Jugend2.jpg\"><img decoding=\"async\" loading=\"lazy\" src=\"http:\/\/www.usg-hoechst.at\/wp-content\/uploads\/BL-Jugend2-1024x768.jpg\" alt=\"\" class=\"wp-image-3732\" width=\"887\" height=\"665\" srcset=\"http:\/\/www.usg-hoechst.at\/wp-content\/uploads\/BL-Jugend2-1024x768.jpg 1024w, http:\/\/www.usg-hoechst.at\/wp-content\/uploads\/BL-Jugend2-300x225.jpg 300w, http:\/\/www.usg-hoechst.at\/wp-content\/uploads\/BL-Jugend2-768x576.jpg 768w, http:\/\/www.usg-hoechst.at\/wp-content\/uploads\/BL-Jugend2-1536x1152.jpg 1536w, http:\/\/www.usg-hoechst.at\/wp-content\/uploads\/BL-Jugend2.jpg 2016w\" sizes=\"(max-width: 887px) 100vw, 887px\" \/><\/a><figcaption class=\"wp-element-caption\">Team Jugend 2 mit Sarah, Laurin, Mia und Joyce<\/figcaption><\/figure>\n\n\n\n<figure class=\"wp-block-image size-large\"><a href=\"http:\/\/www.usg-hoechst.at\/wp-content\/uploads\/VLBG1.jpg\"><img decoding=\"async\" loading=\"lazy\" width=\"1024\" height=\"748\" src=\"http:\/\/www.usg-hoechst.at\/wp-content\/uploads\/VLBG1-1024x748.jpg\" alt=\"\" class=\"wp-image-3737\" srcset=\"http:\/\/www.usg-hoechst.at\/wp-content\/uploads\/VLBG1-1024x748.jpg 1024w, http:\/\/www.usg-hoechst.at\/wp-content\/uploads\/VLBG1-300x219.jpg 300w, http:\/\/www.usg-hoechst.at\/wp-content\/uploads\/VLBG1-768x561.jpg 768w, http:\/\/www.usg-hoechst.at\/wp-content\/uploads\/VLBG1-1536x1123.jpg 1536w, http:\/\/www.usg-hoechst.at\/wp-content\/uploads\/VLBG1.jpg 1798w\" sizes=\"(max-width: 1024px) 100vw, 1024px\" \/><\/a><\/figure>\n\n\n\n<figure class=\"wp-block-image size-large\"><a href=\"http:\/\/www.usg-hoechst.at\/wp-content\/uploads\/VLBG2.jpg\"><img decoding=\"async\" loading=\"lazy\" width=\"1024\" height=\"657\" src=\"http:\/\/www.usg-hoechst.at\/wp-content\/uploads\/VLBG2-1024x657.jpg\" alt=\"\" class=\"wp-image-3738\" srcset=\"http:\/\/www.usg-hoechst.at\/wp-content\/uploads\/VLBG2-1024x657.jpg 1024w, http:\/\/www.usg-hoechst.at\/wp-content\/uploads\/VLBG2-300x192.jpg 300w, http:\/\/www.usg-hoechst.at\/wp-content\/uploads\/VLBG2-768x492.jpg 768w, http:\/\/www.usg-hoechst.at\/wp-content\/uploads\/VLBG2-1536x985.jpg 1536w, http:\/\/www.usg-hoechst.at\/wp-content\/uploads\/VLBG2.jpg 1611w\" sizes=\"(max-width: 1024px) 100vw, 1024px\" \/><\/a><\/figure>\n\n\n\n<figure class=\"wp-block-image size-large\"><a href=\"http:\/\/www.usg-hoechst.at\/wp-content\/uploads\/Schussbilder.jpg\"><img decoding=\"async\" loading=\"lazy\" width=\"1024\" height=\"768\" src=\"http:\/\/www.usg-hoechst.at\/wp-content\/uploads\/Schussbilder-1024x768.jpg\" alt=\"\" class=\"wp-image-3739\" srcset=\"http:\/\/www.usg-hoechst.at\/wp-content\/uploads\/Schussbilder-1024x768.jpg 1024w, http:\/\/www.usg-hoechst.at\/wp-content\/uploads\/Schussbilder-300x225.jpg 300w, http:\/\/www.usg-hoechst.at\/wp-content\/uploads\/Schussbilder-768x576.jpg 768w, http:\/\/www.usg-hoechst.at\/wp-content\/uploads\/Schussbilder-1536x1152.jpg 1536w, http:\/\/www.usg-hoechst.at\/wp-content\/uploads\/Schussbilder.jpg 1600w\" sizes=\"(max-width: 1024px) 100vw, 1024px\" \/><\/a><\/figure>\n","protected":false},"excerpt":{"rendered":"<p>Vergangenes Wochenende konnten sich unsere Sch\u00fctzen bei demViertelfinale der Jugendbundesliga in Thalgau wieder in Szene setzen undihre Wettkampfst\u00e4rke beweisen. So[&#8230;]<\/p>\n","protected":false},"author":6,"featured_media":0,"comment_status":"closed","ping_status":"closed","sticky":false,"template":"","format":"standard","meta":{"ngg_post_thumbnail":0},"categories":[4],"tags":[],"_links":{"self":[{"href":"http:\/\/www.usg-hoechst.at\/index.php?rest_route=\/wp\/v2\/posts\/3736"}],"collection":[{"href":"http:\/\/www.usg-hoechst.at\/index.php?rest_route=\/wp\/v2\/posts"}],"about":[{"href":"http:\/\/www.usg-hoechst.at\/index.php?rest_route=\/wp\/v2\/types\/post"}],"author":[{"embeddable":true,"href":"http:\/\/www.usg-hoechst.at\/index.php?rest_route=\/wp\/v2\/users\/6"}],"replies":[{"embeddable":true,"href":"http:\/\/www.usg-hoechst.at\/index.php?rest_route=%2Fwp%2Fv2%2Fcomments&post=3736"}],"version-history":[{"count":4,"href":"http:\/\/www.usg-hoechst.at\/index.php?rest_route=\/wp\/v2\/posts\/3736\/revisions"}],"predecessor-version":[{"id":3745,"href":"http:\/\/www.usg-hoechst.at\/index.php?rest_route=\/wp\/v2\/posts\/3736\/revisions\/3745"}],"wp:attachment":[{"href":"http:\/\/www.usg-hoechst.at\/index.php?rest_route=%2Fwp%2Fv2%2Fmedia&parent=3736"}],"wp:term":[{"taxonomy":"category","embeddable":true,"href":"http:\/\/www.usg-hoechst.at\/index.php?rest_route=%2Fwp%2Fv2%2Fcategories&post=3736"},{"taxonomy":"post_tag","embeddable":true,"href":"http:\/\/www.usg-hoechst.at\/index.php?rest_route=%2Fwp%2Fv2%2Ftags&post=3736"}],"curies":[{"name":"wp","href":"https:\/\/api.w.org\/{rel}","templated":true}]}}