{"id":3640,"date":"2024-09-18T12:34:18","date_gmt":"2024-09-18T10:34:18","guid":{"rendered":"http:\/\/www.usg-hoechst.at\/?p=3640"},"modified":"2024-09-18T12:55:49","modified_gmt":"2024-09-18T10:55:49","slug":"ehrung-fuer-alexandra-ebenhoch","status":"publish","type":"post","link":"http:\/\/www.usg-hoechst.at\/?p=3640","title":{"rendered":"Ehrung f\u00fcr Alexandra Ebenhoch"},"content":{"rendered":"\n<p>Eine verdiente Ehrung f\u00fcr ihre au\u00dferordentlichen Leistungen bei der \u00d6M-KK erh\u00e4lt unsere Sch\u00fctzin Alexandra Ebenhoch. Wir gratulieren!<\/p>\n\n\n\n<p>Die SPORTUNION Vorarlberg mit 215 Sportverein f\u00fchrte am Samstag, den 14.September den 34. Landestag am Muttersberg in Bludenz die \u00dcbergabe \u201eLeistungszeichen in Silber\u201c durch.<\/p>\n\n\n\n<p><\/p>\n\n\n\n<figure class=\"wp-block-image size-large\"><a href=\"http:\/\/www.usg-hoechst.at\/wp-content\/uploads\/20240914SportunionVorarlbergLandestag-173-scaled.jpeg\"><img decoding=\"async\" loading=\"lazy\" width=\"1024\" height=\"683\" src=\"http:\/\/www.usg-hoechst.at\/wp-content\/uploads\/20240914SportunionVorarlbergLandestag-173-1024x683.jpeg\" alt=\"\" class=\"wp-image-3641\" srcset=\"http:\/\/www.usg-hoechst.at\/wp-content\/uploads\/20240914SportunionVorarlbergLandestag-173-1024x683.jpeg 1024w, http:\/\/www.usg-hoechst.at\/wp-content\/uploads\/20240914SportunionVorarlbergLandestag-173-300x200.jpeg 300w, http:\/\/www.usg-hoechst.at\/wp-content\/uploads\/20240914SportunionVorarlbergLandestag-173-768x512.jpeg 768w, http:\/\/www.usg-hoechst.at\/wp-content\/uploads\/20240914SportunionVorarlbergLandestag-173-1536x1024.jpeg 1536w, http:\/\/www.usg-hoechst.at\/wp-content\/uploads\/20240914SportunionVorarlbergLandestag-173-2048x1365.jpeg 2048w, http:\/\/www.usg-hoechst.at\/wp-content\/uploads\/20240914SportunionVorarlbergLandestag-173-840x560.jpeg 840w, http:\/\/www.usg-hoechst.at\/wp-content\/uploads\/20240914SportunionVorarlbergLandestag-173-120x80.jpeg 120w, http:\/\/www.usg-hoechst.at\/wp-content\/uploads\/20240914SportunionVorarlbergLandestag-173-360x240.jpeg 360w, http:\/\/www.usg-hoechst.at\/wp-content\/uploads\/20240914SportunionVorarlbergLandestag-173-600x400.jpeg 600w\" sizes=\"(max-width: 1024px) 100vw, 1024px\" \/><\/a><figcaption class=\"wp-element-caption\">Pr\u00e4sident der Sportunion \u00d6sterreich &#8211; Peter Mc Donald, Alexandra Ebenhoch und Pr\u00e4sident Sportunion Vorarlberg Simon Tschann<\/figcaption><\/figure>\n\n\n\n<figure class=\"wp-block-image size-large is-resized\"><a href=\"http:\/\/www.usg-hoechst.at\/wp-content\/uploads\/IMG-20240914-WA0006.jpeg\"><img decoding=\"async\" loading=\"lazy\" src=\"http:\/\/www.usg-hoechst.at\/wp-content\/uploads\/IMG-20240914-WA0006-1024x768.jpeg\" alt=\"\" class=\"wp-image-3642\" width=\"377\" height=\"282\" srcset=\"http:\/\/www.usg-hoechst.at\/wp-content\/uploads\/IMG-20240914-WA0006-1024x768.jpeg 1024w, http:\/\/www.usg-hoechst.at\/wp-content\/uploads\/IMG-20240914-WA0006-300x225.jpeg 300w, http:\/\/www.usg-hoechst.at\/wp-content\/uploads\/IMG-20240914-WA0006-768x576.jpeg 768w, http:\/\/www.usg-hoechst.at\/wp-content\/uploads\/IMG-20240914-WA0006-1536x1152.jpeg 1536w, http:\/\/www.usg-hoechst.at\/wp-content\/uploads\/IMG-20240914-WA0006.jpeg 1600w\" sizes=\"(max-width: 377px) 100vw, 377px\" \/><\/a><figcaption class=\"wp-element-caption\">Von der USG-H\u00f6chst: Rudi, Alexandra und OSM Toni Tschaudi, Gesch\u00e4ftsf\u00fchrer der Sportunion Vorarlberg Sebastian Gmeiner<\/figcaption><\/figure>\n","protected":false},"excerpt":{"rendered":"<p>Eine verdiente Ehrung f\u00fcr ihre au\u00dferordentlichen Leistungen bei der \u00d6M-KK erh\u00e4lt unsere Sch\u00fctzin Alexandra Ebenhoch. Wir gratulieren! Die SPORTUNION Vorarlberg[&#8230;]<\/p>\n","protected":false},"author":4,"featured_media":0,"comment_status":"closed","ping_status":"closed","sticky":false,"template":"","format":"standard","meta":{"ngg_post_thumbnail":0},"categories":[4],"tags":[],"_links":{"self":[{"href":"http:\/\/www.usg-hoechst.at\/index.php?rest_route=\/wp\/v2\/posts\/3640"}],"collection":[{"href":"http:\/\/www.usg-hoechst.at\/index.php?rest_route=\/wp\/v2\/posts"}],"about":[{"href":"http:\/\/www.usg-hoechst.at\/index.php?rest_route=\/wp\/v2\/types\/post"}],"author":[{"embeddable":true,"href":"http:\/\/www.usg-hoechst.at\/index.php?rest_route=\/wp\/v2\/users\/4"}],"replies":[{"embeddable":true,"href":"http:\/\/www.usg-hoechst.at\/index.php?rest_route=%2Fwp%2Fv2%2Fcomments&post=3640"}],"version-history":[{"count":5,"href":"http:\/\/www.usg-hoechst.at\/index.php?rest_route=\/wp\/v2\/posts\/3640\/revisions"}],"predecessor-version":[{"id":3647,"href":"http:\/\/www.usg-hoechst.at\/index.php?rest_route=\/wp\/v2\/posts\/3640\/revisions\/3647"}],"wp:attachment":[{"href":"http:\/\/www.usg-hoechst.at\/index.php?rest_route=%2Fwp%2Fv2%2Fmedia&parent=3640"}],"wp:term":[{"taxonomy":"category","embeddable":true,"href":"http:\/\/www.usg-hoechst.at\/index.php?rest_route=%2Fwp%2Fv2%2Fcategories&post=3640"},{"taxonomy":"post_tag","embeddable":true,"href":"http:\/\/www.usg-hoechst.at\/index.php?rest_route=%2Fwp%2Fv2%2Ftags&post=3640"}],"curies":[{"name":"wp","href":"https:\/\/api.w.org\/{rel}","templated":true}]}}