{"id":3281,"date":"2022-12-17T10:11:40","date_gmt":"2022-12-17T09:11:40","guid":{"rendered":"http:\/\/www.usg-hoechst.at\/?p=3281"},"modified":"2022-12-17T10:13:45","modified_gmt":"2022-12-17T09:13:45","slug":"todesanzeige-paul-hagenbucher","status":"publish","type":"post","link":"http:\/\/www.usg-hoechst.at\/?p=3281","title":{"rendered":"Todesanzeige Paul Hagenbucher"},"content":{"rendered":"\n<p>Paul war beim Wiederaufbau nach der zweiten Neugr\u00fcndung eine ma\u00dfgeblich treibende Kraft im Verein.<\/p>\n\n\n\n<p>Auch als Vereinsfunktion\u00e4r stand Paul unserem Verein viele Jahre zur Verf\u00fcgung.<\/p>\n\n\n\n<p>Wir werden ihm ein ehrendes Andenken bewahren. <br>Der Vorstand und die Mitglieder&nbsp;<br>der Union-Sch\u00fctzengilde-H\u00f6chst<br><\/p>\n\n\n\n<figure class=\"wp-block-image size-full\"><a href=\"http:\/\/www.usg-hoechst.at\/wp-content\/uploads\/2DAAF29A-D9D1-4DD3-890F-0F26CA8C1F9E.png\"><img decoding=\"async\" loading=\"lazy\" width=\"550\" height=\"322\" src=\"http:\/\/www.usg-hoechst.at\/wp-content\/uploads\/2DAAF29A-D9D1-4DD3-890F-0F26CA8C1F9E.png\" alt=\"\" class=\"wp-image-3282\" srcset=\"http:\/\/www.usg-hoechst.at\/wp-content\/uploads\/2DAAF29A-D9D1-4DD3-890F-0F26CA8C1F9E.png 550w, http:\/\/www.usg-hoechst.at\/wp-content\/uploads\/2DAAF29A-D9D1-4DD3-890F-0F26CA8C1F9E-300x176.png 300w\" sizes=\"(max-width: 550px) 100vw, 550px\" \/><\/a><\/figure>\n","protected":false},"excerpt":{"rendered":"<p>Paul war beim Wiederaufbau nach der zweiten Neugr\u00fcndung eine ma\u00dfgeblich treibende Kraft im Verein. Auch als Vereinsfunktion\u00e4r stand Paul unserem[&#8230;]<\/p>\n","protected":false},"author":6,"featured_media":0,"comment_status":"closed","ping_status":"closed","sticky":false,"template":"","format":"standard","meta":{"ngg_post_thumbnail":0},"categories":[4],"tags":[],"_links":{"self":[{"href":"http:\/\/www.usg-hoechst.at\/index.php?rest_route=\/wp\/v2\/posts\/3281"}],"collection":[{"href":"http:\/\/www.usg-hoechst.at\/index.php?rest_route=\/wp\/v2\/posts"}],"about":[{"href":"http:\/\/www.usg-hoechst.at\/index.php?rest_route=\/wp\/v2\/types\/post"}],"author":[{"embeddable":true,"href":"http:\/\/www.usg-hoechst.at\/index.php?rest_route=\/wp\/v2\/users\/6"}],"replies":[{"embeddable":true,"href":"http:\/\/www.usg-hoechst.at\/index.php?rest_route=%2Fwp%2Fv2%2Fcomments&post=3281"}],"version-history":[{"count":3,"href":"http:\/\/www.usg-hoechst.at\/index.php?rest_route=\/wp\/v2\/posts\/3281\/revisions"}],"predecessor-version":[{"id":3285,"href":"http:\/\/www.usg-hoechst.at\/index.php?rest_route=\/wp\/v2\/posts\/3281\/revisions\/3285"}],"wp:attachment":[{"href":"http:\/\/www.usg-hoechst.at\/index.php?rest_route=%2Fwp%2Fv2%2Fmedia&parent=3281"}],"wp:term":[{"taxonomy":"category","embeddable":true,"href":"http:\/\/www.usg-hoechst.at\/index.php?rest_route=%2Fwp%2Fv2%2Fcategories&post=3281"},{"taxonomy":"post_tag","embeddable":true,"href":"http:\/\/www.usg-hoechst.at\/index.php?rest_route=%2Fwp%2Fv2%2Ftags&post=3281"}],"curies":[{"name":"wp","href":"https:\/\/api.w.org\/{rel}","templated":true}]}}